{"id":412,"date":"2025-02-04T14:33:52","date_gmt":"2025-02-04T13:33:52","guid":{"rendered":"https:\/\/mediacne.sk\/?p=412"},"modified":"2025-02-04T14:34:12","modified_gmt":"2025-02-04T13:34:12","slug":"mediacia-v-portlande","status":"publish","type":"post","link":"http:\/\/mediacne.sk\/mediacia-v-portlande\/","title":{"rendered":"Medi\u00e1cia v Portlande"},"content":{"rendered":"\n<p>PORTLAND, Oregon (KATU) \u2014 Zamestnanci mesta Portland, zast\u00fapen\u00ed organiz\u00e1ciou Oregon AFSCME Local 189, drvivou v\u00e4\u010d\u0161inou hlasovali za \u0161trajk, pri\u010dom 87 % podporilo tento krok a 89 % \u010dlenov sa z\u00fa\u010dastnilo na hlasovan\u00ed, uviedla odborov\u00e1 organiz\u00e1cia v tla\u010dovej spr\u00e1ve.<\/p>\n\n\n\n<p>AFSCME Local 189 a mesto sa dnes stret\u00e1vaj\u00fa na poslednom pl\u00e1novanom media\u010dnom stretnut\u00ed.<\/p>\n\n\n\n<p>&#8222;Ideme na na\u0161e posledn\u00e9 media\u010dn\u00e9 stretnutie s cie\u013eom urovna\u0165 t\u00fato zmluvu pre takmer 1 100 mestsk\u00fdch zamestnancov, ktor\u00ed ka\u017ed\u00fd de\u0148 prich\u00e1dzaj\u00fa do pr\u00e1ce, aby na\u0161e mesto fungovalo. D\u00fafame, \u017ee mesto pr\u00edde k rokovaciemu stolu s rovnak\u00fdm cie\u013eom,&#8220; povedal Rob Martineau, prezident AFSCME Local 189.<\/p>\n\n\n\n<p>Vyjedn\u00e1vac\u00ed t\u00edm odborovej organiz\u00e1cie vyhl\u00e1sil minul\u00fd mesiac patov\u00fa situ\u00e1ciu po tom, \u010do mesto na\u010falej odmietalo zv\u00fd\u0161enie miezd, ktor\u00e9 by odr\u00e1\u017ealo vysok\u00e9 \u017eivotn\u00e9 n\u00e1klady v Portlande, uviedla odborov\u00e1 organiz\u00e1cia.<\/p>\n\n\n\n<p>Odborov\u00e1 organiz\u00e1cia uv\u00e1dza, \u017ee jedn\u00fdm z najv\u00e4\u010d\u0161\u00edch probl\u00e9mov je dosiahnutie \u017eivotn\u00e9ho minima, pri\u010dom \u017eiadna poz\u00edcia by nemala zar\u00e1ba\u0165 menej ako 27,04 dol\u00e1rov za hodinu.<\/p>\n\n\n\n<p>&#8222;\u017diadny zamestnanec v Portlande by nemal by\u0165 platen\u00fd menej ako \u017eivotn\u00e9 minimum. Bojujeme za to, aby si mesto ctilo svoje hodnoty t\u00fdm, \u017ee si v\u00e1\u017ei t\u00fdch zamestnancov, ktor\u00ed zabezpe\u010duj\u00fa chod Portlandu,&#8220; povedal Dave Crepeau, dispe\u010der slu\u017eieb v oddelen\u00ed parkov mesta Portland.<\/p>\n\n\n\n<p>Vyjedn\u00e1vac\u00ed t\u00edm AFSCME Local 189 je opr\u00e1vnen\u00fd rozhodn\u00fa\u0165, \u010di a kedy vyd\u00e1 po\u017eadovan\u00e9 10-d\u0148ov\u00e9 ozn\u00e1menie o \u0161trajku, ak rokovania nedospej\u00fa k dohode, uviedla odborov\u00e1 organiz\u00e1cia.<\/p>\n\n\n\n<p><\/p>\n\n\n\n<p>zdroj : <a href=\"https:\/\/katu.com\/news\/local\/portland-city-workers-vote-to-strike-mediation-talks-underway\">https:\/\/katu.com\/news\/local\/portland-city-workers-vote-to-strike-mediation-talks-underway<\/a><\/p>\n\n\n\n<p>Predklad SIDER ai <\/p>\n","protected":false},"excerpt":{"rendered":"<p>PORTLAND, Oregon (KATU) \u2014 Zamestnanci mesta Portland, zast\u00fapen\u00ed organiz\u00e1ciou Oregon AFSCME Local 189, drvivou v\u00e4\u010d\u0161inou hlasovali za \u0161trajk, pri\u010dom 87 % podporilo tento krok a 89 % \u010dlenov sa z\u00fa\u010dastnilo na hlasovan\u00ed, uviedla odborov\u00e1 organiz\u00e1cia v tla\u010dovej spr\u00e1ve. AFSCME Local 189 a mesto sa dnes stret\u00e1vaj\u00fa na poslednom pl\u00e1novanom media\u010dnom stretnut\u00ed. &#8222;Ideme na na\u0161e posledn\u00e9&#8230;<\/p>\n","protected":false},"author":1,"featured_media":414,"comment_status":"closed","ping_status":"closed","sticky":false,"template":"","format":"standard","meta":{"_kad_post_transparent":"","_kad_post_title":"","_kad_post_layout":"","_kad_post_sidebar_id":"","_kad_post_content_style":"","_kad_post_vertical_padding":"","_kad_post_feature":"","_kad_post_feature_position":"","_kad_post_header":false,"_kad_post_footer":false,"_kad_post_classname":"","footnotes":""},"categories":[1],"tags":[],"class_list":["post-412","post","type-post","status-publish","format-standard","has-post-thumbnail","hentry","category-nezaradene"],"_wp_page_template":null,"_wp_attached_file":null,"_wp_attachment_metadata":null,"_wp_attachment_context":null,"_wp_attachment_backup_sizes":null,"_oembed_7db31f74be093c6da909646db45cc605":null,"_menu_item_type":null,"_menu_item_menu_item_parent":null,"_menu_item_object_id":null,"_menu_item_object":null,"_menu_item_target":null,"_menu_item_classes":null,"_menu_item_xfn":null,"_menu_item_url":null,"_wp_attachment_is_custom_background":null,"_wp_attachment_custom_header_last_used_hestia":null,"_wp_attachment_is_custom_header":null,"_oembed_4d09016f14f53c9f4c492ac5cfff7852":null,"_oembed_15efc3a9fcd826f81afe7cb01107b9cc":null,"wpforms_entries_count":null,"_wp_old_date":null,"_oembed_8842e4268de16ecd05c3703bf7eeabf4":null,"_encloseme":null,"_wp_suggested_privacy_policy_content":null,"_edit_lock":"1738676053:1","_edit_last":"1","obfx-header-scripts":"","obfx-footer-scripts":"","_links":{"self":[{"href":"http:\/\/mediacne.sk\/wp-json\/wp\/v2\/posts\/412","targetHints":{"allow":["GET"]}}],"collection":[{"href":"http:\/\/mediacne.sk\/wp-json\/wp\/v2\/posts"}],"about":[{"href":"http:\/\/mediacne.sk\/wp-json\/wp\/v2\/types\/post"}],"author":[{"embeddable":true,"href":"http:\/\/mediacne.sk\/wp-json\/wp\/v2\/users\/1"}],"replies":[{"embeddable":true,"href":"http:\/\/mediacne.sk\/wp-json\/wp\/v2\/comments?post=412"}],"version-history":[{"count":1,"href":"http:\/\/mediacne.sk\/wp-json\/wp\/v2\/posts\/412\/revisions"}],"predecessor-version":[{"id":413,"href":"http:\/\/mediacne.sk\/wp-json\/wp\/v2\/posts\/412\/revisions\/413"}],"wp:featuredmedia":[{"embeddable":true,"href":"http:\/\/mediacne.sk\/wp-json\/wp\/v2\/media\/414"}],"wp:attachment":[{"href":"http:\/\/mediacne.sk\/wp-json\/wp\/v2\/media?parent=412"}],"wp:term":[{"taxonomy":"category","embeddable":true,"href":"http:\/\/mediacne.sk\/wp-json\/wp\/v2\/categories?post=412"},{"taxonomy":"post_tag","embeddable":true,"href":"http:\/\/mediacne.sk\/wp-json\/wp\/v2\/tags?post=412"}],"curies":[{"name":"wp","href":"https:\/\/api.w.org\/{rel}","templated":true}]}}