{"id":531,"date":"2026-03-17T11:12:02","date_gmt":"2026-03-17T10:12:02","guid":{"rendered":"https:\/\/mediacne.sk\/?p=531"},"modified":"2026-03-17T11:12:02","modified_gmt":"2026-03-17T10:12:02","slug":"vatikan-ako-medzinarodny-mediator-pripad-prepustenia-kubanskych-politickych-vaznov","status":"publish","type":"post","link":"http:\/\/mediacne.sk\/vatikan-ako-medzinarodny-mediator-pripad-prepustenia-kubanskych-politickych-vaznov\/","title":{"rendered":"Vatik\u00e1n ako medzin\u00e1rodn\u00fd medi\u00e1tor: Pr\u00edpad prepustenia kub\u00e1nskych politick\u00fdch v\u00e4z\u0148ov"},"content":{"rendered":"\n<h3 class=\"wp-block-heading\"><\/h3>\n\n\n\n<hr class=\"wp-block-separator has-alpha-channel-opacity\"\/>\n\n\n\n<h1 class=\"wp-block-heading\"><\/h1>\n\n\n\n<p>Na port\u00e1li <em>www.mediacnesk<\/em> sa naj\u010dastej\u0161ie venujeme alternat\u00edvnemu rie\u0161eniu sporov v na\u0161om dom\u00e1com, ob\u010dianskom \u010di obchodnom prostred\u00ed. Ako v\u0161ak ukazuje hist\u00f3ria aj s\u00fa\u010dasnos\u0165, <strong>medi\u00e1cia a sprostredkovanie maj\u00fa svoje nezastupite\u013en\u00e9 miesto aj na najvy\u0161\u0161ej geopolitickej \u00farovni<\/strong>. Najnov\u0161\u00edm pr\u00edkladom obrovskej sily neutr\u00e1lneho medi\u00e1tora je k\u013e\u00fa\u010dov\u00e1 \u00faloha Vatik\u00e1nu pri vyjedn\u00e1van\u00ed o prepusten\u00ed 51 v\u00e4z\u0148ov na Kube.<\/p>\n\n\n\n<h3 class=\"wp-block-heading\">Od Westf\u00e1lskeho mieru po s\u00fa\u010dasn\u00fa diplomaciu<\/h3>\n\n\n\n<p>Sprostredkovanie sporov nie je modern\u00fdm vyn\u00e1lezom, m\u00e1 hlbok\u00e9 historick\u00e9 korene. <strong>U\u017e v minulosti p\u00e1pe\u017ei a cirkevn\u00ed hodnost\u00e1ri \u00faspe\u0161ne p\u00f4sobili ako medi\u00e1tori pri urovn\u00e1van\u00ed \u0165a\u017ek\u00fdch medzin\u00e1rodn\u00fdch konfliktov<\/strong> \u2013 v\u00fdznamn\u00fdm pr\u00edkladom je \u00fa\u010das\u0165 diplomatov r\u00edmskej k\u00farie pri n\u00e1ro\u010dn\u00fdch rokovaniach, ktor\u00e9 viedli k uzatvoreniu Westf\u00e1lskeho mieru.<\/p>\n\n\n\n<p>V tomto osved\u010denom duchu pokra\u010duje vatik\u00e1nska diplomacia dodnes. Katol\u00edcka cirkev p\u00f4sob\u00ed u\u017e desa\u0165ro\u010dia ako historick\u00fd medi\u00e1tor a tich\u00fd komunika\u010dn\u00fd kan\u00e1l medzi dvoma dlhodobo znepriatelen\u00fdmi \u0161t\u00e1tmi \u2013 Spojen\u00fdmi \u0161t\u00e1tmi a Kubou.<\/p>\n\n\n\n<h3 class=\"wp-block-heading\">Prepustenie v\u00e4z\u0148ov ako prejav \u201edobrej v\u00f4le\u201c<\/h3>\n\n\n\n<p>V marci 2026 kub\u00e1nska vl\u00e1da ofici\u00e1lne ozn\u00e1mila, \u017ee prepust\u00ed 51 os\u00f4b ods\u00faden\u00fdch na trest od\u0148atia slobody. <strong>Toto rozhodnutie bolo priamo ozna\u010den\u00e9 za prejav \u201edobrej v\u00f4le\u201c, ktor\u00fd pramen\u00ed z \u00fazkych a plynul\u00fdch vz\u0165ahov medzi kub\u00e1nskym \u0161t\u00e1tom a Sv\u00e4tou stolicou<\/strong>. Kub\u00e1nsky minister zahrani\u010dn\u00fdch vec\u00ed Bruno Rodr\u00edguez potvrdil, \u017ee tento krok je v\u00fdsledkom vz\u00e1jomn\u00e9ho dial\u00f3gu, pri\u010dom na\u010dasovanie symbolicky pripadlo na obdobie pred bl\u00ed\u017eiacimi sa sviatkami Ve\u013ekej noci.<\/p>\n\n\n\n<p>Tento humanit\u00e1rny \u00faspech je o to cennej\u0161\u00ed, \u017ee sa odohr\u00e1va na pozad\u00ed extr\u00e9mneho nap\u00e4tia. Ostrov moment\u00e1lne \u010del\u00ed hlbokej energetickej a ekonomickej kr\u00edze, ktor\u00e1 je umocnen\u00e1 pr\u00edsnou blok\u00e1dou a stup\u0148uj\u00facim sa politick\u00fdm tlakom zo strany USA.<\/p>\n\n\n\n<h3 class=\"wp-block-heading\">Ako prebiehala vatik\u00e1nska medi\u00e1cia v praxi?<\/h3>\n\n\n\n<p>Pr\u00e1ca \u00faspe\u0161n\u00e9ho medi\u00e1tora si vy\u017eaduje maxim\u00e1lnu diskr\u00e9tnos\u0165, trpezlivos\u0165 a schopnos\u0165 komunikova\u0165 s oboma stranami sporu. Vatik\u00e1n aj v tomto pr\u00edpade viedol takzvan\u00fa &#8222;tich\u00fa diplomaciu&#8220; a separ\u00e1tne stretnutia na najvy\u0161\u0161ej \u00farovni:<\/p>\n\n\n\n<ul class=\"wp-block-list\">\n<li><strong>Stretnutie s americkou stranou:<\/strong> Koncom febru\u00e1ra 2026 sa vatik\u00e1nsky sekret\u00e1r pre vz\u0165ahy so \u0161t\u00e1tmi, arcibiskup Paul Richard Gallagher, stretol vo Vatik\u00e1ne s ved\u00facim americkej misie v Havane Mikeom Hammerom a ve\u013evyslancom USA vo Vatik\u00e1ne Brianom Burchom.<\/li>\n\n\n\n<li><strong>Stretnutie s kub\u00e1nskou stranou:<\/strong> Iba o t\u00fd\u017ede\u0148 nesk\u00f4r, 28. febru\u00e1ra, prijal p\u00e1pe\u017e Lev XIV. na osobnej audiencii kub\u00e1nskeho ministra zahrani\u010dn\u00fdch vec\u00ed Bruna Rodr\u00edgueza.<\/li>\n\n\n\n<li><strong>Potvrdenie dial\u00f3gu:<\/strong> Riadite\u013e tla\u010dov\u00e9ho strediska Sv\u00e4tej stolice, Matteo Bruni, n\u00e1sledne pre m\u00e9di\u00e1 potvrdil, \u017ee skuto\u010dne prebiehali rozhovory t\u00fdkaj\u00face sa priamo prepustenia t\u00fdchto v\u00e4z\u0148ov. Vatik\u00e1nsky \u0161t\u00e1tny sekret\u00e1r, kardin\u00e1l Pietro Parolin, k situ\u00e1cii dodal, \u017ee Sv\u00e4t\u00e1 stolica podnikla \u201epotrebn\u00e9 kroky\u201c pre to, aby sa konflikt rie\u0161il predov\u0161etk\u00fdm prostredn\u00edctvom dial\u00f3gu.<\/li>\n<\/ul>\n\n\n\n<h3 class=\"wp-block-heading\">Sila neutr\u00e1lneho sprostredkovate\u013ea<\/h3>\n\n\n\n<p>Pr\u00edpad z Kuby je pre komunitu medi\u00e1torov dokonalou uk\u00e1\u017ekou toho, pre\u010do funguje zapojenie nez\u00e1vislej tretej strany (tzv. <em>honest broker<\/em>). Vatik\u00e1n do rokovan\u00ed nevstupuje s vlastn\u00fdmi finan\u010dn\u00fdmi \u010di politick\u00fdmi z\u00e1ujmami, ale zameriava sa v\u00fdlu\u010dne na humanit\u00e1rne a duchovn\u00e9 ciele.<\/p>\n\n\n\n<p>Tento pr\u00edstup stavia na <strong>\u201ekult\u00fare stretnutia\u201c<\/strong>, ktor\u00fa v\u00fdrazne presadzuje s\u00fa\u010dasn\u00e1 vatik\u00e1nska diplomacia. Dokazuje, \u017ee ak sa sporov\u00fdm stran\u00e1m poskytne neutr\u00e1lny a bezpe\u010dn\u00fd priestor na kon\u0161trukt\u00edvny dial\u00f3g, je mo\u017en\u00e9 dosiahnu\u0165 kompromisy a priechodn\u00e9 rie\u0161enia aj v t\u00fdch najhlb\u0161\u00edch geopolitick\u00fdch kr\u00edzach.<\/p>\n\n\n\n<hr class=\"wp-block-separator has-alpha-channel-opacity\"\/>\n\n\n\n<h3 class=\"wp-block-heading\">Z\u00e1ver pre prax medi\u00e1cie<\/h3>\n\n\n\n<p>Tento pr\u00edpad potvrdzuje, \u017ee medi\u00e1cia a vyjedn\u00e1vanie nie s\u00fa len n\u00e1strojom rie\u0161enia obchodn\u00fdch alebo pr\u00e1vnych sporov, ale aj k\u013e\u00fa\u010dov\u00fdm mechanizmom pri rie\u0161en\u00ed komplexn\u00fdch medzin\u00e1rodn\u00fdch konfliktov.<\/p>\n\n\n\n<p>Pre prax medi\u00e1cie je to jasn\u00fd d\u00f4kaz, \u017ee aj v n\u00e1ro\u010dn\u00fdch podmienkach m\u00f4\u017ee neutr\u00e1lna tretia strana prispie\u0165 k re\u00e1lnym a merate\u013en\u00fdm v\u00fdsledkom.<\/p>\n\n\n\n<p><\/p>\n\n\n\n<p><\/p>\n\n\n\n<p>zdroj :<a href=\"https:\/\/aleteia.org\/2026\/03\/14\/vatican-mediation-leads-to-cuba-prisoner-release\/\">https:\/\/aleteia.org\/2026\/03\/14\/vatican-mediation-leads-to-cuba-prisoner-release\/<\/a><\/p>\n","protected":false},"excerpt":{"rendered":"<p>Na port\u00e1li www.mediacnesk sa naj\u010dastej\u0161ie venujeme alternat\u00edvnemu rie\u0161eniu sporov v na\u0161om dom\u00e1com, ob\u010dianskom \u010di obchodnom prostred\u00ed. Ako v\u0161ak ukazuje hist\u00f3ria aj s\u00fa\u010dasnos\u0165, medi\u00e1cia a sprostredkovanie maj\u00fa svoje nezastupite\u013en\u00e9 miesto aj na najvy\u0161\u0161ej geopolitickej \u00farovni. Najnov\u0161\u00edm pr\u00edkladom obrovskej sily neutr\u00e1lneho medi\u00e1tora je k\u013e\u00fa\u010dov\u00e1 \u00faloha Vatik\u00e1nu pri vyjedn\u00e1van\u00ed o prepusten\u00ed 51 v\u00e4z\u0148ov na Kube. Od Westf\u00e1lskeho mieru&#8230;<\/p>\n","protected":false},"author":1,"featured_media":532,"comment_status":"closed","ping_status":"closed","sticky":false,"template":"","format":"standard","meta":{"_kad_post_transparent":"","_kad_post_title":"","_kad_post_layout":"","_kad_post_sidebar_id":"","_kad_post_content_style":"","_kad_post_vertical_padding":"","_kad_post_feature":"","_kad_post_feature_position":"","_kad_post_header":false,"_kad_post_footer":false,"_kad_post_classname":"","footnotes":""},"categories":[1],"tags":[],"class_list":["post-531","post","type-post","status-publish","format-standard","has-post-thumbnail","hentry","category-nezaradene"],"_wp_page_template":null,"_wp_attached_file":null,"_wp_attachment_metadata":null,"_wp_attachment_context":null,"_wp_attachment_backup_sizes":null,"_oembed_7db31f74be093c6da909646db45cc605":null,"_menu_item_type":null,"_menu_item_menu_item_parent":null,"_menu_item_object_id":null,"_menu_item_object":null,"_menu_item_target":null,"_menu_item_classes":null,"_menu_item_xfn":null,"_menu_item_url":null,"_wp_attachment_is_custom_background":null,"_wp_attachment_custom_header_last_used_hestia":null,"_wp_attachment_is_custom_header":null,"_oembed_4d09016f14f53c9f4c492ac5cfff7852":null,"_oembed_15efc3a9fcd826f81afe7cb01107b9cc":null,"wpforms_entries_count":null,"_wp_old_date":null,"_oembed_8842e4268de16ecd05c3703bf7eeabf4":null,"_encloseme":null,"_wp_suggested_privacy_policy_content":null,"_edit_lock":"1773743796:1","_edit_last":"1","obfx-header-scripts":"","obfx-footer-scripts":"","_links":{"self":[{"href":"http:\/\/mediacne.sk\/wp-json\/wp\/v2\/posts\/531","targetHints":{"allow":["GET"]}}],"collection":[{"href":"http:\/\/mediacne.sk\/wp-json\/wp\/v2\/posts"}],"about":[{"href":"http:\/\/mediacne.sk\/wp-json\/wp\/v2\/types\/post"}],"author":[{"embeddable":true,"href":"http:\/\/mediacne.sk\/wp-json\/wp\/v2\/users\/1"}],"replies":[{"embeddable":true,"href":"http:\/\/mediacne.sk\/wp-json\/wp\/v2\/comments?post=531"}],"version-history":[{"count":1,"href":"http:\/\/mediacne.sk\/wp-json\/wp\/v2\/posts\/531\/revisions"}],"predecessor-version":[{"id":533,"href":"http:\/\/mediacne.sk\/wp-json\/wp\/v2\/posts\/531\/revisions\/533"}],"wp:featuredmedia":[{"embeddable":true,"href":"http:\/\/mediacne.sk\/wp-json\/wp\/v2\/media\/532"}],"wp:attachment":[{"href":"http:\/\/mediacne.sk\/wp-json\/wp\/v2\/media?parent=531"}],"wp:term":[{"taxonomy":"category","embeddable":true,"href":"http:\/\/mediacne.sk\/wp-json\/wp\/v2\/categories?post=531"},{"taxonomy":"post_tag","embeddable":true,"href":"http:\/\/mediacne.sk\/wp-json\/wp\/v2\/tags?post=531"}],"curies":[{"name":"wp","href":"https:\/\/api.w.org\/{rel}","templated":true}]}}